{"id":124,"date":"2016-11-02T17:04:38","date_gmt":"2016-11-02T16:04:38","guid":{"rendered":"http:\/\/teamtetesraids.fr\/?p=124"},"modified":"2017-03-14T17:08:02","modified_gmt":"2017-03-14T16:08:02","slug":"co-derailleurs-au-profit-du-telethon","status":"publish","type":"post","link":"https:\/\/teamtetesraids.fr\/index.php\/2016\/11\/02\/co-derailleurs-au-profit-du-telethon\/","title":{"rendered":"CO D\u00e9railleurs au profit du T\u00e9l\u00e9thon"},"content":{"rendered":"<p>Comme chaque ann\u00e9e, le rendez-vous est pris pour participer \u00e0 cette CO (c\u2019est la 1\u00e8re CO que j\u2019ai faite il y a 3 ans). Nouveaut\u00e9 cette ann\u00e9e : une carte en IOF remplace la carte IGN am\u00e9lior\u00e9e habituelle.<br \/>\nComme chaque ann\u00e9e, il y a l\u2019after cr\u00eape partie chez Didine et Juju + bi\u00e8re ++ !!<!--more--><br \/>\nCette ann\u00e9e, il y a aussi le d\u00e9fi des 100 Balises dimanche dans la for\u00eat de Rennes. Je propose donc de la faire en mode accompagnateur, mais mon co-\u00e9quipier se d\u00e9siste au dernier moment (pour une tr\u00e8s bonne raison) ! Ce sera donc une sortie en mode marcassin-solo-tranquille.<br \/>\nTop d\u00e9part \u00e0 20h30. Je prends mon temps pour tracer. Je vais tourner en sens antihoraire. Le trac\u00e9 n\u2019est pas \u00e9vident \u00e0 faire et je d\u00e9cide de laisser la 8 pour le retour (mauvaise id\u00e9e car un AR pour rien et une mont\u00e9e dangereuse \u00e0 l\u2019\u00e9tage de l\u2019habitation).<\/p>\n<div id=\"attachment_125\" style=\"width: 160px\" class=\"wp-caption aligncenter\"><a href=\"http:\/\/teamtetesraids.fr\/wp-content\/uploads\/2017\/03\/c-o-telethon-2016-5842fa7780967.jpg\"><img aria-describedby=\"caption-attachment-125\" decoding=\"async\" loading=\"lazy\" class=\"size-thumbnail wp-image-125\" src=\"http:\/\/teamtetesraids.fr\/wp-content\/uploads\/2017\/03\/c-o-telethon-2016-5842fa7780967-150x150.jpg\" alt=\"La frontale obligatoire\" width=\"150\" height=\"150\"><\/a><p id=\"caption-attachment-125\" class=\"wp-caption-text\">La frontale obligatoire<\/p><\/div>\n<p>Les 1er encha\u00eenements sont difficiles, je d\u00e9rive souvent. Je prends donc la boussole pour \u00e9viter de perdre trop de temps \u00e0 me recaler sur les haies. La suite est mieux. Je fais une petite pause chez les voisins de la balise 19. Ils sont d\u00e9j\u00e0 aux cr\u00eapes !! Je repars quand m\u00eame sans prendre le ravito.<br \/>\nTout au long du parcours, je croise pas mal de monde du cru, sympa !! RAS sur ce parcours de d\u00e9railleurs pur jus (humide, boueux, des d\u00e9f pour les \u00ab initi\u00e9s \u00bb\u2026). Fin de carte, retour sur le centre ville par la route qui devient glissante par le gel.<br \/>\nR\u00e9sultat : 16,5 km au compteur et 2h25 pour prendre 31 balises. Merci aux d\u00e9railleurs pour cette sortie et pour la soupe \u00e0 l\u2019oignon d\u2019apr\u00e8s course. J\u2019ai m\u00eame eu le droit \u00e0 la douche chaude \u2013 j\u2019ai d\u00fb arriver dans les 100 premiers !! A l\u2019ann\u00e9e prochaine.<\/p>\n","protected":false},"excerpt":{"rendered":"<p>Comme chaque ann\u00e9e, le rendez-vous est pris pour participer \u00e0 cette CO (c\u2019est la 1\u00e8re CO que j\u2019ai faite il y a 3 ans). Nouveaut\u00e9 cette ann\u00e9e : une carte en IOF remplace la carte IGN am\u00e9lior\u00e9e habituelle. Comme chaque ann\u00e9e, il y a l\u2019after cr\u00eape partie chez Didine et Juju + bi\u00e8re ++ !!<\/p>\n","protected":false},"author":1,"featured_media":126,"comment_status":"open","ping_status":"open","sticky":false,"template":"","format":"standard","meta":{"ngg_post_thumbnail":0},"categories":[3],"tags":[],"_links":{"self":[{"href":"https:\/\/teamtetesraids.fr\/index.php\/wp-json\/wp\/v2\/posts\/124"}],"collection":[{"href":"https:\/\/teamtetesraids.fr\/index.php\/wp-json\/wp\/v2\/posts"}],"about":[{"href":"https:\/\/teamtetesraids.fr\/index.php\/wp-json\/wp\/v2\/types\/post"}],"author":[{"embeddable":true,"href":"https:\/\/teamtetesraids.fr\/index.php\/wp-json\/wp\/v2\/users\/1"}],"replies":[{"embeddable":true,"href":"https:\/\/teamtetesraids.fr\/index.php\/wp-json\/wp\/v2\/comments?post=124"}],"version-history":[{"count":1,"href":"https:\/\/teamtetesraids.fr\/index.php\/wp-json\/wp\/v2\/posts\/124\/revisions"}],"predecessor-version":[{"id":127,"href":"https:\/\/teamtetesraids.fr\/index.php\/wp-json\/wp\/v2\/posts\/124\/revisions\/127"}],"wp:featuredmedia":[{"embeddable":true,"href":"https:\/\/teamtetesraids.fr\/index.php\/wp-json\/wp\/v2\/media\/126"}],"wp:attachment":[{"href":"https:\/\/teamtetesraids.fr\/index.php\/wp-json\/wp\/v2\/media?parent=124"}],"wp:term":[{"taxonomy":"category","embeddable":true,"href":"https:\/\/teamtetesraids.fr\/index.php\/wp-json\/wp\/v2\/categories?post=124"},{"taxonomy":"post_tag","embeddable":true,"href":"https:\/\/teamtetesraids.fr\/index.php\/wp-json\/wp\/v2\/tags?post=124"}],"curies":[{"name":"wp","href":"https:\/\/api.w.org\/{rel}","templated":true}]}}