{"id":128,"date":"2016-11-20T17:08:11","date_gmt":"2016-11-20T16:08:11","guid":{"rendered":"http:\/\/teamtetesraids.fr\/?p=128"},"modified":"2017-03-14T17:12:02","modified_gmt":"2017-03-14T16:12:02","slug":"co-raid-vallee-poupet","status":"publish","type":"post","link":"https:\/\/teamtetesraids.fr\/index.php\/2016\/11\/20\/co-raid-vallee-poupet\/","title":{"rendered":"CO Raid Vall\u00e9e Poupet"},"content":{"rendered":"<p align=\"JUSTIFY\">Pour cette 1<sup><span style=\"font-size: small;\">\u00e8re<\/span><\/sup> \u00e9tape du challenge Vend\u00e9e, Oliv souffrant des chevilles, je fais \u00e9quipe avec Alex. Et oui, il l\u00e2che de basket pour se mettre \u00e0 la chasse \u00e0 la balise.<\/p>\n<p align=\"JUSTIFY\">Nous partons en ce dimanche matin avec un autre \u00e9quipage Bressuirais&nbsp;habitu\u00e9 du challenge : Antoine &amp; Vic. La nuit a \u00e9t\u00e9 agit\u00e9e, vent fort et beaucoup de pluie. Dans quel \u00e9tat va-t-on trouver le terrain&nbsp;?<!--more--><\/p>\n<p align=\"JUSTIFY\">Direction le domaine de la Boulaie situ\u00e9 entre Treize Vent (la bien nomm\u00e9e) et Malli\u00e8vre.<\/p>\n<p align=\"JUSTIFY\">Au programme, plus de 40 balises \u00e0 prendre en moins de 2h30. \u00c7a va \u00eatre dense&nbsp;!<\/p>\n<div id=\"attachment_129\" style=\"width: 160px\" class=\"wp-caption aligncenter\"><a href=\"http:\/\/teamtetesraids.fr\/wp-content\/uploads\/2017\/03\/1.jpg\"><img aria-describedby=\"caption-attachment-129\" decoding=\"async\" loading=\"lazy\" class=\"size-thumbnail wp-image-129\" src=\"http:\/\/teamtetesraids.fr\/wp-content\/uploads\/2017\/03\/1-150x150.jpg\" alt=\"Un raideur abandonn\u00e9\" width=\"150\" height=\"150\"><\/a><p id=\"caption-attachment-129\" class=\"wp-caption-text\">Un raideur abandonn\u00e9<\/p><\/div>\n<p align=\"JUSTIFY\">Le d\u00e9part est donn\u00e9 \u00e0 l\u2019abri sous la maison. Difficile de tracer tant il y a des balises de partout sur la carte. On prend notre temps de faire notre parcours et on d\u00e9cide de laisser une poche de balise \u00e0 proximit\u00e9 pour le retour.<\/p>\n<p align=\"JUSTIFY\">Alex est d\u00e9j\u00e0 au taquet et les balises ne s\u2019encha\u00eenent pas trop mal. Peu d\u2019\u00e9quipe autour de nous, on va faire notre course. Certaines balises sont cach\u00e9es (bien coll\u00e9es aux arbres\/ rochers \u2026) ce qui complexifie la recherche. 1<sup><span style=\"font-size: small;\">\u00e8re<\/span><\/sup> partie sans probl\u00e8me.<\/p>\n<p style=\"text-align: center;\" align=\"JUSTIFY\"><a href=\"http:\/\/teamtetesraids.fr\/wp-content\/uploads\/2017\/03\/2.jpg\"><img decoding=\"async\" loading=\"lazy\" class=\"alignnone size-thumbnail wp-image-130\" src=\"http:\/\/teamtetesraids.fr\/wp-content\/uploads\/2017\/03\/2-150x150.jpg\" alt=\"2\" width=\"150\" height=\"150\"><\/a><\/p>\n<p align=\"JUSTIFY\">Arriv\u00e9e \u00e0 Mali\u00e8vre, on attaque le coteau. Alex commence \u00e0 tirer la langue, il monte et descend quelques fois. Pas de jardinage, impec&nbsp;!<\/p>\n<p align=\"JUSTIFY\">On attaque ensuite une s\u00e9rie de champs. Beaucoup de passages de cl\u00f4tures qui ne conviennent pas trop \u00e0 la grande taille D\u2019Alex (Il y en a m\u00eame une qui lui a chatouill\u00e9 les c\u2026). On est dans les temps et on rejoint le domaine de la boulaie pour finir notre carte. La lucidit\u00e9 est entam\u00e9e et nous commettons quelques erreurs pour les 4 balises finales mais rien de m\u00e9chant. On est surpris par un tas d\u2019ossement au pied d\u2019une balise&nbsp;!! Peut-\u00eatre Antoine ou Vic qui y ont laiss\u00e9 leur peau&nbsp;?<\/p>\n<p align=\"JUSTIFY\">On pointe l\u2019arriv\u00e9e avec joie. C\u2019est la premi\u00e8re fois que je fais carton plein pour une course du challenge. Nos Bressuirais ne sont pas encore arriv\u00e9s&nbsp;!!<\/p>\n<p align=\"JUSTIFY\">R\u00e9sultat&nbsp;: 2h13 pour 14,7 km de parcourus.<\/p>\n<p align=\"JUSTIFY\">Merci \u00e0 l\u2019\u00e9quipe du Raid Vall\u00e9e Poupet pour cette belle matin\u00e9e (sans pluie&nbsp;!) et leur d\u00e9co halloweenesque&nbsp;!!<\/p>\n","protected":false},"excerpt":{"rendered":"<p>Pour cette 1\u00e8re \u00e9tape du challenge Vend\u00e9e, Oliv souffrant des chevilles, je fais \u00e9quipe avec Alex. Et oui, il l\u00e2che de basket pour se mettre \u00e0 la chasse \u00e0 la balise. Nous partons en ce dimanche matin avec un autre \u00e9quipage Bressuirais&nbsp;habitu\u00e9 du challenge : Antoine &amp; Vic. La nuit a \u00e9t\u00e9 agit\u00e9e, vent fort [&hellip;]<\/p>\n","protected":false},"author":1,"featured_media":131,"comment_status":"open","ping_status":"open","sticky":false,"template":"","format":"standard","meta":{"ngg_post_thumbnail":0},"categories":[3],"tags":[],"_links":{"self":[{"href":"https:\/\/teamtetesraids.fr\/index.php\/wp-json\/wp\/v2\/posts\/128"}],"collection":[{"href":"https:\/\/teamtetesraids.fr\/index.php\/wp-json\/wp\/v2\/posts"}],"about":[{"href":"https:\/\/teamtetesraids.fr\/index.php\/wp-json\/wp\/v2\/types\/post"}],"author":[{"embeddable":true,"href":"https:\/\/teamtetesraids.fr\/index.php\/wp-json\/wp\/v2\/users\/1"}],"replies":[{"embeddable":true,"href":"https:\/\/teamtetesraids.fr\/index.php\/wp-json\/wp\/v2\/comments?post=128"}],"version-history":[{"count":1,"href":"https:\/\/teamtetesraids.fr\/index.php\/wp-json\/wp\/v2\/posts\/128\/revisions"}],"predecessor-version":[{"id":132,"href":"https:\/\/teamtetesraids.fr\/index.php\/wp-json\/wp\/v2\/posts\/128\/revisions\/132"}],"wp:featuredmedia":[{"embeddable":true,"href":"https:\/\/teamtetesraids.fr\/index.php\/wp-json\/wp\/v2\/media\/131"}],"wp:attachment":[{"href":"https:\/\/teamtetesraids.fr\/index.php\/wp-json\/wp\/v2\/media?parent=128"}],"wp:term":[{"taxonomy":"category","embeddable":true,"href":"https:\/\/teamtetesraids.fr\/index.php\/wp-json\/wp\/v2\/categories?post=128"},{"taxonomy":"post_tag","embeddable":true,"href":"https:\/\/teamtetesraids.fr\/index.php\/wp-json\/wp\/v2\/tags?post=128"}],"curies":[{"name":"wp","href":"https:\/\/api.w.org\/{rel}","templated":true}]}}