{"id":133,"date":"2016-11-01T17:20:19","date_gmt":"2016-11-01T16:20:19","guid":{"rendered":"http:\/\/teamtetesraids.fr\/?p=133"},"modified":"2017-03-14T17:23:00","modified_gmt":"2017-03-14T16:23:00","slug":"trailo-les-feuilles-dautomne","status":"publish","type":"post","link":"https:\/\/teamtetesraids.fr\/index.php\/2016\/11\/01\/trailo-les-feuilles-dautomne\/","title":{"rendered":"Trail\u2019O Les Feuilles d\u2019Automne"},"content":{"rendered":"<p align=\"JUSTIFY\">Pendant que certains, d\u00e9guis\u00e9s, vont courir les maisons pour obtenir des bonbons, d\u2019autres partis tester leur VTT en for\u00eat de Chantemerle, nous, on est myst\u00e9rieusement invit\u00e9 par l\u2019asso Expl\u2019OR pour un trail orientation&nbsp;??!! On doit attendre le 31\/10 pour en savoir plus.<\/p>\n<p align=\"JUSTIFY\">Le rendez-vous est donn\u00e9 \u00e0 Pressigny (mais c\u2019est o\u00f9 ce patelin&nbsp;??)<!--more--><\/p>\n<p align=\"JUSTIFY\">Je passe prendre Steve en ce frais matin de novembre (3\u00b0C au compteur). Heureusement que le GPS est en marche pour nous y emmener.<\/p>\n<p style=\"text-align: center;\" align=\"JUSTIFY\"><a href=\"http:\/\/teamtetesraids.fr\/wp-content\/uploads\/2017\/03\/fbb-124.jpg\"><img decoding=\"async\" loading=\"lazy\" class=\"alignnone size-thumbnail wp-image-134\" src=\"http:\/\/teamtetesraids.fr\/wp-content\/uploads\/2017\/03\/fbb-124-150x150.jpg\" alt=\"fbb-124\" width=\"150\" height=\"150\"><\/a><\/p>\n<p align=\"JUSTIFY\">On retrouve quelques t\u00eates connues qu\u2019on a vu vendredi soir \u00e0 notre CO de Boism\u00e9. P.., on va participer \u00e0 la coupe de monde&nbsp;!! C\u2019est pas une blague \u2013 la photo le prouve&nbsp;! mais pas encore de cam\u00e9ra de BFM TV pour cette \u00ab&nbsp;Edition 0&nbsp;\u00bb.<\/p>\n<p style=\"text-align: center;\" align=\"JUSTIFY\"><a href=\"http:\/\/teamtetesraids.fr\/wp-content\/uploads\/2017\/03\/2016-11-01-12.19.58.jpg\"><img decoding=\"async\" loading=\"lazy\" class=\"alignnone size-thumbnail wp-image-135\" src=\"http:\/\/teamtetesraids.fr\/wp-content\/uploads\/2017\/03\/2016-11-01-12.19.58-150x150.jpg\" alt=\"2016-11-01-12.19.58\" width=\"150\" height=\"150\"><\/a><\/p>\n<p align=\"JUSTIFY\">Au brief&nbsp;: d\u00e9part par vagues pour une petite CO m\u00e9mo d\u2019environ 2 km avec 5 balises puis trail en suivi d\u2019itin\u00e9raire sur environ 20 km avec un nombre inconnu de balise. J\u2019ai un carton de 26 balises, Steve 36&nbsp;!<\/p>\n<p align=\"JUSTIFY\">De supers chemins, de la for\u00eat, un saxophoniste en plein milieu de nulle part \u2013 Enorme&nbsp;!!!<\/p>\n<p style=\"text-align: center;\" align=\"JUSTIFY\"><a href=\"http:\/\/teamtetesraids.fr\/wp-content\/uploads\/2017\/03\/pc-185-.jpg\"><img decoding=\"async\" loading=\"lazy\" class=\"alignnone size-thumbnail wp-image-136\" src=\"http:\/\/teamtetesraids.fr\/wp-content\/uploads\/2017\/03\/pc-185--150x150.jpg\" alt=\"pc-185-\" width=\"150\" height=\"150\"><\/a><\/p>\n<p align=\"JUSTIFY\">22,7 km au compteur avec 370 m de D+, un pointe \u00e0 59 km\/h pendant 1 s (donn\u00e9es Garmin disponible \u2013 dans une bonne descente je suppose&nbsp;\ud83d\ude09 Bolt, prend garde \u00e0 toi&nbsp;!!!)<\/p>\n<p align=\"JUSTIFY\">Merci \u00e0 l\u2019organisation pour l\u2019accueil, le parcours, le repas de gaulois (+ les bonbons d\u2019halloween) et le soleil. A recommencer assur\u00e9ment.<\/p>\n","protected":false},"excerpt":{"rendered":"<p>Pendant que certains, d\u00e9guis\u00e9s, vont courir les maisons pour obtenir des bonbons, d\u2019autres partis tester leur VTT en for\u00eat de Chantemerle, nous, on est myst\u00e9rieusement invit\u00e9 par l\u2019asso Expl\u2019OR pour un trail orientation&nbsp;??!! On doit attendre le 31\/10 pour en savoir plus. Le rendez-vous est donn\u00e9 \u00e0 Pressigny (mais c\u2019est o\u00f9 ce patelin&nbsp;??)<\/p>\n","protected":false},"author":1,"featured_media":137,"comment_status":"open","ping_status":"open","sticky":false,"template":"","format":"standard","meta":{"ngg_post_thumbnail":0},"categories":[5],"tags":[],"_links":{"self":[{"href":"https:\/\/teamtetesraids.fr\/index.php\/wp-json\/wp\/v2\/posts\/133"}],"collection":[{"href":"https:\/\/teamtetesraids.fr\/index.php\/wp-json\/wp\/v2\/posts"}],"about":[{"href":"https:\/\/teamtetesraids.fr\/index.php\/wp-json\/wp\/v2\/types\/post"}],"author":[{"embeddable":true,"href":"https:\/\/teamtetesraids.fr\/index.php\/wp-json\/wp\/v2\/users\/1"}],"replies":[{"embeddable":true,"href":"https:\/\/teamtetesraids.fr\/index.php\/wp-json\/wp\/v2\/comments?post=133"}],"version-history":[{"count":1,"href":"https:\/\/teamtetesraids.fr\/index.php\/wp-json\/wp\/v2\/posts\/133\/revisions"}],"predecessor-version":[{"id":138,"href":"https:\/\/teamtetesraids.fr\/index.php\/wp-json\/wp\/v2\/posts\/133\/revisions\/138"}],"wp:featuredmedia":[{"embeddable":true,"href":"https:\/\/teamtetesraids.fr\/index.php\/wp-json\/wp\/v2\/media\/137"}],"wp:attachment":[{"href":"https:\/\/teamtetesraids.fr\/index.php\/wp-json\/wp\/v2\/media?parent=133"}],"wp:term":[{"taxonomy":"category","embeddable":true,"href":"https:\/\/teamtetesraids.fr\/index.php\/wp-json\/wp\/v2\/categories?post=133"},{"taxonomy":"post_tag","embeddable":true,"href":"https:\/\/teamtetesraids.fr\/index.php\/wp-json\/wp\/v2\/tags?post=133"}],"curies":[{"name":"wp","href":"https:\/\/api.w.org\/{rel}","templated":true}]}}