{"id":366,"date":"2017-10-10T21:23:53","date_gmt":"2017-10-10T19:23:53","guid":{"rendered":"http:\/\/teamtetesraids.fr\/?p=366"},"modified":"2017-10-10T21:42:03","modified_gmt":"2017-10-10T19:42:03","slug":"week-end-radoiste-chez-les-serial-azimut","status":"publish","type":"post","link":"https:\/\/teamtetesraids.fr\/index.php\/2017\/10\/10\/week-end-radoiste-chez-les-serial-azimut\/","title":{"rendered":"WEEK END RADOISTE chez les SERIAL AZIMUT"},"content":{"rendered":"<p>Romain me propose de faire \u00e9quipe pour le raid de Montendre. Gil et Denis me l\u2019avait d\u00e9crit comme un raid physique avec une grosse f\u00eate en suivant. J\u2019accepte donc la proposition de notre gu\u00e9pard du Cesbron. 3 \u00e9quipages RADO au d\u00e9part.<!--more--><\/p>\n<p>La soir\u00e9e du vendredi est consacr\u00e9e \u00e0 la pr\u00e9paration du matos&nbsp;: moustaches et ponchos. En effet, soir\u00e9e mexicaine apr\u00e8s le raid des SERIAL AZIMUT, caramba&nbsp;!!<\/p>\n<p>D\u00e9part t\u00f4t le samedi matin, direction Montendre. Nous arrivons sur place et nous sommes accueillis par quelques diablesses du SAA.<\/p>\n<p>Le d\u00e9part est donn\u00e9 au son de 24h chrono. Petit trail de 8 km o\u00f9 nous suivons le rythme de notre barbu pr\u00e9f\u00e9r\u00e9. Jusqu\u2019au moment o\u00f9 nous traversons un 1<sup>er<\/sup> bourbier o\u00f9 Denis retrouve le r\u00e9flexe du marais. Nous le laissons patauger et rejoignons nos montures de la \u00ab&nbsp;Stache Tour Deluxe&nbsp;\u00bb.<\/p>\n<p>VTT couloir o\u00f9 nous rejoignons un bout de la t\u00eate de course qui fonce la t\u00eate dans le guidon mais dans le sens inverse&nbsp;: erreur d\u2019aiguillage&nbsp;!<\/p>\n<p>Fin de VTT et d\u00e9part pour une CO photo o\u00f9 Romain m\u00e8ne la cadence de pied de ma\u00eetre puis B&amp;R ultra rapide de notre gu\u00e9pard (2<sup>nd<\/sup> temps).<\/p>\n<p>On repart sur une VTT\u2019O au score de 1h30 maxi. Nous nous r\u00e9galons sur les singles en for\u00eat.<\/p>\n<p>Arriv\u00e9e sur la prochaine \u00e9preuve&nbsp;: road book p\u00e9destre (\u00e9preuve physique de 45 \u2018 en for\u00eat sur des pare feux interminables). Auparavant, Romain est moins pr\u00e9cis que Calamity Jane et nous sommes quittes pour 2 balises de p\u00e9nalit\u00e9s (Romain, retourne au bar pour t\u2019entra\u00eener aux fl\u00e9chettes&nbsp;!)<\/p>\n<p>Nous rejoignons en VTT le d\u00e9part de la derni\u00e8re CO de 50 \u2018au score (on se dit que tout va se jouer sur cette \u00e9preuve). On encha\u00eene bien mais le timing est serr\u00e9. Nous faisons le 6<sup>\u00e8me<\/sup> tps en 52\u2019 (seules 3 \u00e9quipes sur les 60 r\u00e9ussiront le challenge).<\/p>\n<p>Retour en VTT vers l\u2019arriv\u00e9e o\u00f9 nous voyons en ligne de mire l\u2019\u00e9quipe bleue des SRLA44 (avec qui nous avons jou\u00e9 toute la journ\u00e9e et qui terminera 4\u00e8me) mais nous ne parviendrons pas \u00e0 les rattraper. 6h51 de course pour 80 km. \u00c7a pique. Top 20 pour toutes les \u00e9quipes des RADO et top 10 pour nous.<img decoding=\"async\" loading=\"lazy\" class=\"size-medium wp-image-368 alignleft\" src=\"http:\/\/teamtetesraids.fr\/wp-content\/uploads\/2017\/10\/IMG_20171007_165306_1-300x225.jpg\" alt=\"\" width=\"300\" height=\"225\" srcset=\"https:\/\/teamtetesraids.fr\/wp-content\/uploads\/2017\/10\/IMG_20171007_165306_1-300x225.jpg 300w, https:\/\/teamtetesraids.fr\/wp-content\/uploads\/2017\/10\/IMG_20171007_165306_1-768x576.jpg 768w, https:\/\/teamtetesraids.fr\/wp-content\/uploads\/2017\/10\/IMG_20171007_165306_1.jpg 1024w\" sizes=\"(max-width: 300px) 100vw, 300px\" \/><\/p>\n<p>Une bonne douche et quelques bi\u00e8res plus tard, nous chaussons nos moustaches, nos ponchos et nos sombreros pour faire la f\u00eate. Tr\u00e8s bonne ambiance, tout le monde est r\u00e9compens\u00e9 et LKT fini \u00e0 poil sur la sc\u00e8ne \u2013 honneur aux vainqueurs&nbsp;!!<\/p>\n<p>Quelques tacos, faillots mexicains et c\u00f4te de bourg plus tard nous allons rejoindre Morph\u00e9e. Romain me chante une petite berceuse et nous nous endormons dans la caisse du camion en \u00e9coutant au loin le son de la f\u00eate qui se prolonge pour Fred et ses diablotins.<\/p>\n<p>Un raid \u00e0 pr\u00e9parer physiquement et \u00e0 faire sans r\u00e9serve. Rdv en 2018.<\/p>\n","protected":false},"excerpt":{"rendered":"<p>Romain me propose de faire \u00e9quipe pour le raid de Montendre. Gil et Denis me l\u2019avait d\u00e9crit comme un raid physique avec une grosse f\u00eate en suivant. J\u2019accepte donc la proposition de notre gu\u00e9pard du Cesbron. 3 \u00e9quipages RADO au d\u00e9part.<\/p>\n","protected":false},"author":1,"featured_media":367,"comment_status":"open","ping_status":"open","sticky":false,"template":"","format":"standard","meta":{"ngg_post_thumbnail":0},"categories":[7],"tags":[],"_links":{"self":[{"href":"https:\/\/teamtetesraids.fr\/index.php\/wp-json\/wp\/v2\/posts\/366"}],"collection":[{"href":"https:\/\/teamtetesraids.fr\/index.php\/wp-json\/wp\/v2\/posts"}],"about":[{"href":"https:\/\/teamtetesraids.fr\/index.php\/wp-json\/wp\/v2\/types\/post"}],"author":[{"embeddable":true,"href":"https:\/\/teamtetesraids.fr\/index.php\/wp-json\/wp\/v2\/users\/1"}],"replies":[{"embeddable":true,"href":"https:\/\/teamtetesraids.fr\/index.php\/wp-json\/wp\/v2\/comments?post=366"}],"version-history":[{"count":6,"href":"https:\/\/teamtetesraids.fr\/index.php\/wp-json\/wp\/v2\/posts\/366\/revisions"}],"predecessor-version":[{"id":375,"href":"https:\/\/teamtetesraids.fr\/index.php\/wp-json\/wp\/v2\/posts\/366\/revisions\/375"}],"wp:featuredmedia":[{"embeddable":true,"href":"https:\/\/teamtetesraids.fr\/index.php\/wp-json\/wp\/v2\/media\/367"}],"wp:attachment":[{"href":"https:\/\/teamtetesraids.fr\/index.php\/wp-json\/wp\/v2\/media?parent=366"}],"wp:term":[{"taxonomy":"category","embeddable":true,"href":"https:\/\/teamtetesraids.fr\/index.php\/wp-json\/wp\/v2\/categories?post=366"},{"taxonomy":"post_tag","embeddable":true,"href":"https:\/\/teamtetesraids.fr\/index.php\/wp-json\/wp\/v2\/tags?post=366"}],"curies":[{"name":"wp","href":"https:\/\/api.w.org\/{rel}","templated":true}]}}