{"id":721,"date":"2021-09-14T09:34:28","date_gmt":"2021-09-14T07:34:28","guid":{"rendered":"http:\/\/teamtetesraids.fr\/?p=721"},"modified":"2021-09-14T09:40:12","modified_gmt":"2021-09-14T07:40:12","slug":"grand-raid-des-pyrenees-2021","status":"publish","type":"post","link":"https:\/\/teamtetesraids.fr\/index.php\/2021\/09\/14\/grand-raid-des-pyrenees-2021\/","title":{"rendered":"Grand Raid des Pyr\u00e9n\u00e9es 2021"},"content":{"rendered":"<div dir=\"auto\">Du 18 au 22 ao\u00fbt, les TTR se sont d\u00e9plac\u00e9s en nombre pour participer au Grand Raid des Pyr\u00e9n\u00e9es.<\/div>\n<div dir=\"auto\">&nbsp;<\/div>\n<div dir=\"auto\">Les filles : Didine, C\u00e9line et G\u00e9g\u00e9 ont ouvert le bal sur le Tour du N\u00e9ouvielle (40 kms &#8211; avec 2300m D+),<\/div>\n<div dir=\"auto\">Cl\u00e9ment sur le Tour des Cirques (120 kms &#8211; 7000 D+), Fred et Juju vont parcourir le Tour de la Gela (40 kms &#8211; 3200m D+) et Steve et Antoine sur&nbsp; les 80 kms du Tour des Lacs (5000m D+).<\/div>\n<div dir=\"auto\">&nbsp;<\/div>\n<div dir=\"auto\"><a href=\"https:\/\/www.facebook.com\/Team-t%C3%AAtesraids-206983959364220\">https:\/\/www.facebook.com\/Team-t%C3%AAtesraids-206983959364220<\/a><\/div>\n<div dir=\"auto\">&nbsp;<\/div>\n<div dir=\"auto\"><img decoding=\"async\" loading=\"lazy\" class=\"alignnone size-medium wp-image-722\" src=\"http:\/\/teamtetesraids.fr\/wp-content\/uploads\/2021\/09\/juju-et-fred-225x300.jpg\" alt=\"\" width=\"225\" height=\"300\" srcset=\"https:\/\/teamtetesraids.fr\/wp-content\/uploads\/2021\/09\/juju-et-fred-225x300.jpg 225w, https:\/\/teamtetesraids.fr\/wp-content\/uploads\/2021\/09\/juju-et-fred-768x1024.jpg 768w, https:\/\/teamtetesraids.fr\/wp-content\/uploads\/2021\/09\/juju-et-fred-1152x1536.jpg 1152w, https:\/\/teamtetesraids.fr\/wp-content\/uploads\/2021\/09\/juju-et-fred.jpg 1536w\" sizes=\"(max-width: 225px) 100vw, 225px\" \/> <img decoding=\"async\" loading=\"lazy\" class=\"alignnone size-medium wp-image-723\" src=\"http:\/\/teamtetesraids.fr\/wp-content\/uploads\/2021\/09\/sandrine-gege-celine-300x225.jpg\" alt=\"\" width=\"300\" height=\"225\" srcset=\"https:\/\/teamtetesraids.fr\/wp-content\/uploads\/2021\/09\/sandrine-gege-celine-300x225.jpg 300w, https:\/\/teamtetesraids.fr\/wp-content\/uploads\/2021\/09\/sandrine-gege-celine-1024x768.jpg 1024w, https:\/\/teamtetesraids.fr\/wp-content\/uploads\/2021\/09\/sandrine-gege-celine-768x576.jpg 768w, https:\/\/teamtetesraids.fr\/wp-content\/uploads\/2021\/09\/sandrine-gege-celine-1536x1152.jpg 1536w, https:\/\/teamtetesraids.fr\/wp-content\/uploads\/2021\/09\/sandrine-gege-celine.jpg 2048w\" sizes=\"(max-width: 300px) 100vw, 300px\" \/> <img decoding=\"async\" loading=\"lazy\" class=\"alignnone size-medium wp-image-724\" src=\"http:\/\/teamtetesraids.fr\/wp-content\/uploads\/2021\/09\/steve-et-antoine-300x225.jpg\" alt=\"\" width=\"300\" height=\"225\" srcset=\"https:\/\/teamtetesraids.fr\/wp-content\/uploads\/2021\/09\/steve-et-antoine-300x225.jpg 300w, https:\/\/teamtetesraids.fr\/wp-content\/uploads\/2021\/09\/steve-et-antoine-1024x768.jpg 1024w, https:\/\/teamtetesraids.fr\/wp-content\/uploads\/2021\/09\/steve-et-antoine-768x576.jpg 768w, https:\/\/teamtetesraids.fr\/wp-content\/uploads\/2021\/09\/steve-et-antoine-1536x1152.jpg 1536w, https:\/\/teamtetesraids.fr\/wp-content\/uploads\/2021\/09\/steve-et-antoine.jpg 1824w\" sizes=\"(max-width: 300px) 100vw, 300px\" \/> <img decoding=\"async\" loading=\"lazy\" class=\"alignnone size-medium wp-image-725\" src=\"http:\/\/teamtetesraids.fr\/wp-content\/uploads\/2021\/09\/clement-225x300.jpg\" alt=\"\" width=\"225\" height=\"300\" srcset=\"https:\/\/teamtetesraids.fr\/wp-content\/uploads\/2021\/09\/clement-225x300.jpg 225w, https:\/\/teamtetesraids.fr\/wp-content\/uploads\/2021\/09\/clement-768x1024.jpg 768w, https:\/\/teamtetesraids.fr\/wp-content\/uploads\/2021\/09\/clement-1152x1536.jpg 1152w, https:\/\/teamtetesraids.fr\/wp-content\/uploads\/2021\/09\/clement.jpg 1200w\" sizes=\"(max-width: 225px) 100vw, 225px\" \/><\/div>\n","protected":false},"excerpt":{"rendered":"<p>Du 18 au 22 ao\u00fbt, les TTR se sont d\u00e9plac\u00e9s en nombre pour participer au Grand Raid des Pyr\u00e9n\u00e9es. &nbsp; Les filles : Didine, C\u00e9line et G\u00e9g\u00e9 ont ouvert le bal sur le Tour du N\u00e9ouvielle (40 kms &#8211; avec 2300m D+), Cl\u00e9ment sur le Tour des Cirques (120 kms &#8211; 7000 D+), Fred et [&hellip;]<\/p>\n","protected":false},"author":1,"featured_media":0,"comment_status":"closed","ping_status":"open","sticky":false,"template":"","format":"standard","meta":{"ngg_post_thumbnail":0},"categories":[1],"tags":[],"_links":{"self":[{"href":"https:\/\/teamtetesraids.fr\/index.php\/wp-json\/wp\/v2\/posts\/721"}],"collection":[{"href":"https:\/\/teamtetesraids.fr\/index.php\/wp-json\/wp\/v2\/posts"}],"about":[{"href":"https:\/\/teamtetesraids.fr\/index.php\/wp-json\/wp\/v2\/types\/post"}],"author":[{"embeddable":true,"href":"https:\/\/teamtetesraids.fr\/index.php\/wp-json\/wp\/v2\/users\/1"}],"replies":[{"embeddable":true,"href":"https:\/\/teamtetesraids.fr\/index.php\/wp-json\/wp\/v2\/comments?post=721"}],"version-history":[{"count":3,"href":"https:\/\/teamtetesraids.fr\/index.php\/wp-json\/wp\/v2\/posts\/721\/revisions"}],"predecessor-version":[{"id":730,"href":"https:\/\/teamtetesraids.fr\/index.php\/wp-json\/wp\/v2\/posts\/721\/revisions\/730"}],"wp:attachment":[{"href":"https:\/\/teamtetesraids.fr\/index.php\/wp-json\/wp\/v2\/media?parent=721"}],"wp:term":[{"taxonomy":"category","embeddable":true,"href":"https:\/\/teamtetesraids.fr\/index.php\/wp-json\/wp\/v2\/categories?post=721"},{"taxonomy":"post_tag","embeddable":true,"href":"https:\/\/teamtetesraids.fr\/index.php\/wp-json\/wp\/v2\/tags?post=721"}],"curies":[{"name":"wp","href":"https:\/\/api.w.org\/{rel}","templated":true}]}}